{"id":814,"date":"2015-06-16T20:26:01","date_gmt":"2015-06-16T20:26:01","guid":{"rendered":"https:\/\/mozaika.ug.edu.pl\/?p=814"},"modified":"2016-07-28T09:49:37","modified_gmt":"2016-07-28T09:49:37","slug":"po-badaniach-na-mazowszu","status":"publish","type":"post","link":"https:\/\/mozaika.ug.edu.pl\/?p=814","title":{"rendered":"Po badaniach na Mazowszu"},"content":{"rendered":"<p>W dniach 1-7 czerwca 2015 mieli\u015bmy przyjemno\u015b\u0107 po raz kolejny uczestniczy\u0107 w badaniach terenowych na Mazowszu. Badania, prowadzone we wsp\u00f3\u0142pracy z Muzeum Wsi Mazowieckiej w Sierpcu, dotyczy\u0142y ogr\u00f3dk\u00f3w przyzagrodowych zak\u0142adanych na mazowieckich wsiach w latach mi\u0119dzywojennych oraz latach 60-tych XX wieku. Zebrane przez nas dane dotycz\u0105ce wygl\u0105du tego typu ogr\u00f3dk\u00f3w, rodzaj\u00f3w ogrodzenia, gatunk\u00f3w ro\u015blin w nich sadzonych i wielu innych kwestii zwi\u0105zanych z tym tematem, pomog\u0105 w odtworzeniu kolejnych fragment\u00f3w wsi we wci\u0105\u017c rozrastaj\u0105cym si\u0119 Skansenie.<\/p>\n\n\t\t<style type=\"text\/css\">\n\t\t\t#gallery-1 {\n\t\t\t\tmargin: auto;\n\t\t\t}\n\t\t\t#gallery-1 .gallery-item {\n\t\t\t\tfloat: left;\n\t\t\t\tmargin-top: 10px;\n\t\t\t\ttext-align: center;\n\t\t\t\twidth: 33%;\n\t\t\t}\n\t\t\t#gallery-1 img {\n\t\t\t\tborder: 2px solid #cfcfcf;\n\t\t\t}\n\t\t\t#gallery-1 .gallery-caption {\n\t\t\t\tmargin-left: 0;\n\t\t\t}\n\t\t\t\/* see gallery_shortcode() in wp-includes\/media.php *\/\n\t\t<\/style>\n\t\t<div id='gallery-1' class='gallery galleryid-814 gallery-columns-3 gallery-size-thumbnail'><dl class='gallery-item'>\n\t\t\t<dt class='gallery-icon landscape'>\n\t\t\t\t<a href='https:\/\/mozaika.ug.edu.pl\/?attachment_id=815'><img loading=\"lazy\" decoding=\"async\" width=\"150\" height=\"150\" src=\"https:\/\/mozaika.ug.edu.pl\/wp-content\/uploads\/2015\/06\/11-150x150.jpg\" class=\"attachment-thumbnail size-thumbnail\" alt=\"\" \/><\/a>\n\t\t\t<\/dt><\/dl><dl class='gallery-item'>\n\t\t\t<dt class='gallery-icon landscape'>\n\t\t\t\t<a href='https:\/\/mozaika.ug.edu.pl\/?attachment_id=816'><img loading=\"lazy\" decoding=\"async\" width=\"150\" height=\"150\" src=\"https:\/\/mozaika.ug.edu.pl\/wp-content\/uploads\/2015\/06\/21-150x150.jpg\" class=\"attachment-thumbnail size-thumbnail\" alt=\"\" \/><\/a>\n\t\t\t<\/dt><\/dl><dl class='gallery-item'>\n\t\t\t<dt class='gallery-icon landscape'>\n\t\t\t\t<a href='https:\/\/mozaika.ug.edu.pl\/?attachment_id=817'><img loading=\"lazy\" decoding=\"async\" width=\"150\" height=\"150\" src=\"https:\/\/mozaika.ug.edu.pl\/wp-content\/uploads\/2015\/06\/31-150x150.jpg\" class=\"attachment-thumbnail size-thumbnail\" alt=\"\" \/><\/a>\n\t\t\t<\/dt><\/dl><br style=\"clear: both\" \/><dl class='gallery-item'>\n\t\t\t<dt class='gallery-icon landscape'>\n\t\t\t\t<a href='https:\/\/mozaika.ug.edu.pl\/?attachment_id=818'><img loading=\"lazy\" decoding=\"async\" width=\"150\" height=\"150\" src=\"https:\/\/mozaika.ug.edu.pl\/wp-content\/uploads\/2015\/06\/41-150x150.jpg\" class=\"attachment-thumbnail size-thumbnail\" alt=\"\" \/><\/a>\n\t\t\t<\/dt><\/dl><dl class='gallery-item'>\n\t\t\t<dt class='gallery-icon landscape'>\n\t\t\t\t<a href='https:\/\/mozaika.ug.edu.pl\/?attachment_id=819'><img loading=\"lazy\" decoding=\"async\" width=\"150\" height=\"150\" src=\"https:\/\/mozaika.ug.edu.pl\/wp-content\/uploads\/2015\/06\/51-150x150.jpg\" class=\"attachment-thumbnail size-thumbnail\" alt=\"\" \/><\/a>\n\t\t\t<\/dt><\/dl><dl class='gallery-item'>\n\t\t\t<dt class='gallery-icon portrait'>\n\t\t\t\t<a href='https:\/\/mozaika.ug.edu.pl\/?attachment_id=820'><img loading=\"lazy\" decoding=\"async\" width=\"150\" height=\"150\" src=\"https:\/\/mozaika.ug.edu.pl\/wp-content\/uploads\/2015\/06\/11541159_878351042236790_2066841131_n-150x150.jpg\" class=\"attachment-thumbnail size-thumbnail\" alt=\"\" \/><\/a>\n\t\t\t<\/dt><\/dl><br style=\"clear: both\" \/>\n\t\t<\/div>\n\n","protected":false},"excerpt":{"rendered":"<p>W dniach 1-7 czerwca 2015 mieli\u015bmy przyjemno\u015b\u0107 po raz kolejny uczestniczy\u0107 w badaniach terenowych na Mazowszu. Badania, prowadzone we wsp\u00f3\u0142pracy z Muzeum Wsi Mazowieckiej w Sierpcu, dotyczy\u0142y ogr\u00f3dk\u00f3w przyzagrodowych zak\u0142adanych na mazowieckich wsiach w latach mi\u0119dzywojennych oraz latach 60-tych XX wieku. Zebrane przez nas dane dotycz\u0105ce wygl\u0105du tego typu ogr\u00f3dk\u00f3w, \u2026 <a class=\"continue-reading-link\" href=\"https:\/\/mozaika.ug.edu.pl\/?p=814\"> Continue reading<\/a><\/p>\n","protected":false},"author":100,"featured_media":816,"comment_status":"open","ping_status":"open","sticky":false,"template":"","format":"standard","meta":{"footnotes":""},"categories":[1,16],"tags":[],"class_list":["post-814","post","type-post","status-publish","format-standard","has-post-thumbnail","hentry","category-bez-kategorii","category-bylo"],"_links":{"self":[{"href":"https:\/\/mozaika.ug.edu.pl\/index.php?rest_route=\/wp\/v2\/posts\/814","targetHints":{"allow":["GET"]}}],"collection":[{"href":"https:\/\/mozaika.ug.edu.pl\/index.php?rest_route=\/wp\/v2\/posts"}],"about":[{"href":"https:\/\/mozaika.ug.edu.pl\/index.php?rest_route=\/wp\/v2\/types\/post"}],"author":[{"embeddable":true,"href":"https:\/\/mozaika.ug.edu.pl\/index.php?rest_route=\/wp\/v2\/users\/100"}],"replies":[{"embeddable":true,"href":"https:\/\/mozaika.ug.edu.pl\/index.php?rest_route=%2Fwp%2Fv2%2Fcomments&post=814"}],"version-history":[{"count":3,"href":"https:\/\/mozaika.ug.edu.pl\/index.php?rest_route=\/wp\/v2\/posts\/814\/revisions"}],"predecessor-version":[{"id":823,"href":"https:\/\/mozaika.ug.edu.pl\/index.php?rest_route=\/wp\/v2\/posts\/814\/revisions\/823"}],"wp:featuredmedia":[{"embeddable":true,"href":"https:\/\/mozaika.ug.edu.pl\/index.php?rest_route=\/wp\/v2\/media\/816"}],"wp:attachment":[{"href":"https:\/\/mozaika.ug.edu.pl\/index.php?rest_route=%2Fwp%2Fv2%2Fmedia&parent=814"}],"wp:term":[{"taxonomy":"category","embeddable":true,"href":"https:\/\/mozaika.ug.edu.pl\/index.php?rest_route=%2Fwp%2Fv2%2Fcategories&post=814"},{"taxonomy":"post_tag","embeddable":true,"href":"https:\/\/mozaika.ug.edu.pl\/index.php?rest_route=%2Fwp%2Fv2%2Ftags&post=814"}],"curies":[{"name":"wp","href":"https:\/\/api.w.org\/{rel}","templated":true}]}}