{"id":211,"date":"2013-05-14T16:34:31","date_gmt":"2013-05-14T16:34:31","guid":{"rendered":"https:\/\/mozaika.ug.edu.pl\/?p=211"},"modified":"2016-07-28T09:46:58","modified_gmt":"2016-07-28T09:46:58","slug":"miedzynarodowa-interdyscyplinarna-konferencja-naukowa-slowianszczyzna-nadal-niesamowita","status":"publish","type":"post","link":"https:\/\/mozaika.ug.edu.pl\/?p=211","title":{"rendered":"Mi\u0119dzynarodowa interdyscyplinarna konferencja naukowa &#8222;S\u0142owia\u0144szczyzna nadal niesamowita&#8221;"},"content":{"rendered":"<p style=\"text-align: center;\">Mamy przyjemno\u015b\u0107 zaprosi\u0107 Was na interdyscyplinarn\u0105 konferencj\u0119 naukow\u0105 &#8222;S\u0142owia\u0144szczyzna nadal niesamowita&#8221; wsp\u00f3\u0142organizowan\u0105 przez Mozaik\u0119!<\/p>\n<p style=\"text-align: center;\">Konferencja S\u0142owia\u0144szczyzna nadal niesamowita to sposobno\u015b\u0107 do spotkania i zintegrowania naukowc\u00f3w, zajmuj\u0105cych si\u0119 ma\u0142o popularn\u0105 i ma\u0142o widoczn\u0105 dla szerszej publiczno\u015bci tematyk\u0105; da im okazj\u0119 do rozmowy nad mo\u017cliwo\u015bciami i wyzwaniami stoj\u0105cymi przed wsp\u00f3\u0142czesnymi badaczami S\u0142owia\u0144szczyzny.<\/p>\n<p style=\"text-align: center;\"><a title=\"S\u0142owia\u0144szczyzna nadal niesamowita\" href=\"https:\/\/www.facebook.com\/events\/570605119628695\/\" target=\"_blank\">Facebook<\/a> &#8211; klik.<\/p>\n<p style=\"text-align: center;\">Wydarzenie to odb\u0119dzie si\u0119 ju\u017c 20 maja w Nadba\u0142tyckim Centrum Kultury.<\/p>\n<p style=\"text-align: center;\"><a href=\"https:\/\/mozaika.ug.edu.pl\/wp-content\/uploads\/2013\/05\/plakat-2-slowian-NCK.jpg\"><img loading=\"lazy\" decoding=\"async\" class=\"aligncenter  wp-image-212\" title=\"plakat 2 slowian NCK\" alt=\"\" src=\"https:\/\/mozaika.ug.edu.pl\/wp-content\/uploads\/2013\/05\/plakat-2-slowian-NCK.jpg\" width=\"317\" height=\"447\" \/><\/a><\/p>\n<p style=\"text-align: center;\"><strong>Program wydarzenia:\u00a0<\/strong><\/p>\n<div><strong>9:00-11:00<\/strong><br \/>\nOtwarcie konferencji: Lawrence Okey Ugwu (Dyrektor NCK)<br \/>\nSesja I. Moderacja: dr Katarzyna Szalewskaprof. dr hab. Leszek Kolankiewicz (UW\/Sorbona, Pary\u017c) &#8211; A kysz, exorcizo te &#8211; teatr jako zaklinanie<br \/>\ndr hab. Zbigniew Ka\u017amierczyk (UG) &#8211; Czy Dziady Mickiewicza s\u0105 pras\u0142owia\u0144skie?<br \/>\ndr Anna Jazgarska (UG) &#8211; Bajkowe pocz\u0105tki. S\u0142owia\u0144szczyzna Juliusza S\u0142owackiego<br \/>\n&#8211; DYSKUSJA<\/p>\n<p><strong>11.30-13.30<\/strong><br \/>\nSesja II. Moderacja: dr Maciej Dajnowski<\/p>\n<p>prof. UG, dr hab. Marion Brandt (UG) &#8211; S\u0142owia\u0144szczyzna tajemnicza na Rugii<br \/>\ndr hab. Natalia Markushina (Petersburski Uniwersytet Pa\u0144stwowy, Rosja) &#8211; \u0421\u0435\u0432\u0435\u0440\u043e-\u0417\u0430\u043f\u0430\u0434\u043d\u044b\u0439 \u0424\u0435\u0434\u0435\u0440\u0430\u043b\u044c\u043d\u044b\u0439 \u043e\u043a\u0440\u0443\u0433: \u0438\u0441\u0442\u043e\u0440\u0438\u0447\u0435\u0441\u043a\u0438\u0435 \u0442\u0440\u0430\u0434\u0438\u0446\u0438\u0438 \u0438 \u0437\u0430\u043f\u0430\u0434\u043d\u044b\u0435 \u0446\u0435\u043d\u043d\u043e\u0441\u0442\u0438\/P\u00f3\u0142nocno-Zachodni Okr\u0119g Federalny: tradycje historyczne a warto\u015bci zachodnie<br \/>\ndr Olga Tserpitskaya (Petersburski Uniwersytet Pa\u0144stwowy, Rosja) &#8211; \u041c\u0438\u0441\u0441\u0438\u043e\u043d\u0435\u0440\u0441\u043a\u0430\u044f \u0434\u0435\u044f\u0442\u0435\u043b\u044c\u043d\u043e\u0441\u0442\u044c \u0420\u0443\u0441\u0441\u043a\u043e\u0439 \u041f\u0440\u0430\u0432\u043e\u0441\u043b\u0430\u0432\u043d\u043e\u0439 \u0426\u0435\u0440\u043a\u0432\u0438 \u043a\u0430\u043a \u0444\u0430\u043a\u0442\u043e\u0440 \u0444\u043e\u0440\u043c\u0438\u0440\u043e\u0432\u0430\u043d\u0438\u044f \u043d\u0430\u0446\u0438\u043e\u043d\u0430\u043b\u044c\u043d\u043e\u0439 \u0438\u0434\u0435\u0438 \u0432 \u0420\u043e\u0441\u0441\u0438\u0438\/Dzia\u0142alno\u015b\u0107 misyjna Rosyjskiego Ko\u015bcio\u0142a Prawos\u0142awnego jako czynnik kszta\u0142towania si\u0119 idei narodowej w Rosji<br \/>\ndr Agata Bach\u00f3rz (UG) &#8211; Polscy podr\u00f3\u017cnicy o Rosji. Dylematy s\u0142owia\u0144skiej to\u017csamo\u015bci<br \/>\n&#8211; DYSKUSJA<\/p>\n<p><strong>15:30 &#8211; 17:00<\/strong><br \/>\nSesja III. Moderacja: dr Katarzyna Szalewska<\/p>\n<p>dr Arkadiusz Koperkiewicz (UG) &#8211; Jak S\u0142owianie grzebali zmar\u0142ych i czy bali si\u0119 demon\u00f3w ? \u2013 obrz\u0119dowo\u015b\u0107 pogrzebowa w \u015bwietle \u017ar\u00f3de\u0142 archeologicznych<br \/>\ndr Uladzimer Lobach (Po\u0142ocki Uniwersytet Pa\u0144stwowy, Bia\u0142oru\u015b) &#8211; \u041b\u0435\u0441 \u0432 \u043c\u0438\u0444\u043e\u043f\u043e\u044d\u0442\u0438\u0447\u0435\u0441\u043a\u043e\u0439 \u043a\u0430\u0440\u0442\u0438\u043d\u0435 \u043c\u0438\u0440\u0430 \u0431\u0435\u043b\u043e\u0440\u0443\u0441\u043e\u0432\/Las w mityczno-poetyckim obrazie \u015bwiata Bia\u0142orusin\u00f3w<br \/>\ndr Liliana Kalita (UG) &#8211; Ilia Muromiec, Dobrynia Nikiticz i Alosza Popowicz jako bohaterowie wsp\u00f3\u0142czesnej animacji<br \/>\n&#8211; DYSKUSJA<\/p>\n<p><strong>17.30<\/strong><br \/>\nprojekcja filmu animowanego \u015awite\u017a (2010), spotkanie z re\u017cyserem Kamilem Polakiem. Prowadzenie: dr Pawe\u0142 Sitkiewicz<\/p>\n<\/div>\n<div><\/div>\n<div><\/div>\n<p style=\"text-align: center;\">Serdecznie zapraszamy!<\/p>\n","protected":false},"excerpt":{"rendered":"<p>Mamy przyjemno\u015b\u0107 zaprosi\u0107 Was na interdyscyplinarn\u0105 konferencj\u0119 naukow\u0105 &#8222;S\u0142owia\u0144szczyzna nadal niesamowita&#8221; wsp\u00f3\u0142organizowan\u0105 przez Mozaik\u0119! Konferencja S\u0142owia\u0144szczyzna nadal niesamowita to sposobno\u015b\u0107 do spotkania i zintegrowania naukowc\u00f3w, zajmuj\u0105cych si\u0119 ma\u0142o popularn\u0105 i ma\u0142o widoczn\u0105 dla szerszej publiczno\u015bci tematyk\u0105; da im okazj\u0119 do rozmowy nad mo\u017cliwo\u015bciami i wyzwaniami stoj\u0105cymi przed wsp\u00f3\u0142czesnymi badaczami S\u0142owia\u0144szczyzny. \u2026 <a class=\"continue-reading-link\" href=\"https:\/\/mozaika.ug.edu.pl\/?p=211\"> Continue reading<\/a><\/p>\n","protected":false},"author":100,"featured_media":212,"comment_status":"open","ping_status":"open","sticky":false,"template":"","format":"standard","meta":{"footnotes":""},"categories":[1,16],"tags":[],"class_list":["post-211","post","type-post","status-publish","format-standard","has-post-thumbnail","hentry","category-bez-kategorii","category-bylo"],"_links":{"self":[{"href":"https:\/\/mozaika.ug.edu.pl\/index.php?rest_route=\/wp\/v2\/posts\/211","targetHints":{"allow":["GET"]}}],"collection":[{"href":"https:\/\/mozaika.ug.edu.pl\/index.php?rest_route=\/wp\/v2\/posts"}],"about":[{"href":"https:\/\/mozaika.ug.edu.pl\/index.php?rest_route=\/wp\/v2\/types\/post"}],"author":[{"embeddable":true,"href":"https:\/\/mozaika.ug.edu.pl\/index.php?rest_route=\/wp\/v2\/users\/100"}],"replies":[{"embeddable":true,"href":"https:\/\/mozaika.ug.edu.pl\/index.php?rest_route=%2Fwp%2Fv2%2Fcomments&post=211"}],"version-history":[{"count":5,"href":"https:\/\/mozaika.ug.edu.pl\/index.php?rest_route=\/wp\/v2\/posts\/211\/revisions"}],"predecessor-version":[{"id":214,"href":"https:\/\/mozaika.ug.edu.pl\/index.php?rest_route=\/wp\/v2\/posts\/211\/revisions\/214"}],"wp:featuredmedia":[{"embeddable":true,"href":"https:\/\/mozaika.ug.edu.pl\/index.php?rest_route=\/wp\/v2\/media\/212"}],"wp:attachment":[{"href":"https:\/\/mozaika.ug.edu.pl\/index.php?rest_route=%2Fwp%2Fv2%2Fmedia&parent=211"}],"wp:term":[{"taxonomy":"category","embeddable":true,"href":"https:\/\/mozaika.ug.edu.pl\/index.php?rest_route=%2Fwp%2Fv2%2Fcategories&post=211"},{"taxonomy":"post_tag","embeddable":true,"href":"https:\/\/mozaika.ug.edu.pl\/index.php?rest_route=%2Fwp%2Fv2%2Ftags&post=211"}],"curies":[{"name":"wp","href":"https:\/\/api.w.org\/{rel}","templated":true}]}}