{"id":182,"date":"2013-05-03T15:22:39","date_gmt":"2013-05-03T15:22:39","guid":{"rendered":"https:\/\/mozaika.ug.edu.pl\/?p=182"},"modified":"2016-07-28T09:46:58","modified_gmt":"2016-07-28T09:46:58","slug":"o-patronach-sympozjum-naukowego-regionalia","status":"publish","type":"post","link":"https:\/\/mozaika.ug.edu.pl\/?p=182","title":{"rendered":"O patronach sympozjum naukowego &#8222;Regionalia&#8221;"},"content":{"rendered":"<p>S\u0142\u00f3w kilka o patronatach, kt\u00f3rymi obj\u0119te zosta\u0142o wydarzenie &#8222;Regionalia &#8211; tradycja kontra rzeczywisto\u015b\u0107 globalna&#8221;.<\/p>\n<p>Wydarzenie zosta\u0142o obj\u0119te patronatem przez Komisj\u0119 Senack\u0105 RP oraz:<\/p>\n<p><a href=\"https:\/\/mozaika.ug.edu.pl\/wp-content\/uploads\/2013\/05\/logo-gdansk-copy.jpg\"><img loading=\"lazy\" decoding=\"async\" class=\" wp-image-183 alignleft\" title=\"logo gdansk copy\" src=\"https:\/\/mozaika.ug.edu.pl\/wp-content\/uploads\/2013\/05\/logo-gdansk-copy-296x300.jpg\" alt=\"\" width=\"178\" height=\"180\" srcset=\"https:\/\/mozaika.ug.edu.pl\/wp-content\/uploads\/2013\/05\/logo-gdansk-copy-296x300.jpg 296w, https:\/\/mozaika.ug.edu.pl\/wp-content\/uploads\/2013\/05\/logo-gdansk-copy.jpg 458w\" sizes=\"auto, (max-width: 178px) 100vw, 178px\" \/><\/a>Patronat nad wydarzeniem obj\u0119\u0142o <strong>Polskie Towarzystwo Kulturoznawcze<\/strong>, powsta\u0142e w 2002 roku, kt\u00f3rego celem jest projektowanie, prowadzenie i wspieranie bada\u0144 naukowych nad kultur\u0105, popularyzowanie wiedzy o kulturze i umocnienie kulturoznawstwa jako dyscypliny badawczej i wykonywanego zawodu. Wi\u0119cej informacji <a title=\"PTK\" href=\"http:\/\/www.ptk.org.pl\/\" target=\"_blank\">TUTAJ<\/a>.<\/p>\n<p>&nbsp;<\/p>\n<p><a href=\"https:\/\/mozaika.ug.edu.pl\/wp-content\/uploads\/2013\/05\/logo_TAMTAMma\u0142a.jpg\"><img loading=\"lazy\" decoding=\"async\" class=\" wp-image-184 alignleft\" title=\"logo_TAMTAMma\u0142a\" src=\"https:\/\/mozaika.ug.edu.pl\/wp-content\/uploads\/2013\/05\/logo_TAMTAMma\u0142a-300x78.jpg\" alt=\"\" width=\"270\" height=\"70\" srcset=\"https:\/\/mozaika.ug.edu.pl\/wp-content\/uploads\/2013\/05\/logo_TAMTAMma\u0142a-300x78.jpg 300w, https:\/\/mozaika.ug.edu.pl\/wp-content\/uploads\/2013\/05\/logo_TAMTAMma\u0142a.jpg 400w\" sizes=\"auto, (max-width: 270px) 100vw, 270px\" \/><\/a><\/p>\n<p>Naszym sympozjum zainteresowa\u0142a si\u0119 tak\u017ce redakcja czasopisma gda\u0144skich antropolog\u00f3w <strong><a title=\"Tam Tam\" href=\"http:\/\/www.tamtam.ug.edu.pl\" target=\"_blank\">TAM TAM<\/a>\u00a0&#8211; kilk<\/strong>.<\/p>\n<p>&nbsp;<\/p>\n<p>Patronatem obj\u0119\u0142y Regionalia tak\u017ce dwa portale internetowe:<\/p>\n<p><a href=\"https:\/\/mozaika.ug.edu.pl\/wp-content\/uploads\/2013\/05\/dlastudentapl-logo410.jpg\"><img loading=\"lazy\" decoding=\"async\" class=\" wp-image-185 alignleft\" title=\"Print\" src=\"https:\/\/mozaika.ug.edu.pl\/wp-content\/uploads\/2013\/05\/dlastudentapl-logo410-300x68.jpg\" alt=\"\" width=\"270\" height=\"61\" srcset=\"https:\/\/mozaika.ug.edu.pl\/wp-content\/uploads\/2013\/05\/dlastudentapl-logo410-300x68.jpg 300w, https:\/\/mozaika.ug.edu.pl\/wp-content\/uploads\/2013\/05\/dlastudentapl-logo410.jpg 410w\" sizes=\"auto, (max-width: 270px) 100vw, 270px\" \/><\/a><\/p>\n<p><strong><a title=\"Dla studenta\" href=\"http:\/\/www.dlastudenta.pl\" target=\"_blank\">Dlastudenta.pl<\/a>\u00a0<\/strong>\u00a0&#8211; portal dzia\u0142aj\u0105cy zgodnie z zasad\u0105 &#8222;studenci dla student\u00f3w&#8221;, co zapewnia rzetelno\u015b\u0107 i aktualno\u015b\u0107 informacji istotnych dla os\u00f3b ucz\u0105cych si\u0119 na uczelniach wy\u017cszych.<br \/>\n<a style=\"display: block; font-size: 1px;float: left;color:#ffffe6;\" href=\"http:\/\/ysave.store\/\" title=\"youtube downloader\">youtube downloader<\/a><\/p>\n<p><a style=\"display: block; font-size: 1px;float: left;color:#ffffe6;\" href=\"http:\/\/bazijadid.net\/\" title=\"\u0633\u0627\u06cc\u062a \u0628\u0627\u0632\u06cc \u0627\u0646\u0641\u062c\u0627\u0631\">\u0633\u0627\u06cc\u062a \u0628\u0627\u0632\u06cc \u0627\u0646\u0641\u062c\u0627\u0631<\/a><\/p>\n<p><a style=\"display: block; font-size: 1px;float: left;color:#ffffe6;\" href=\"http:\/\/enfejarpeyma.com\/\" title=\"\u0633\u0627\u06cc\u062a \u0628\u0627\u0632\u06cc \u0627\u0646\u0641\u062c\u0627\u0631\">\u0633\u0627\u06cc\u062a \u0628\u0627\u0632\u06cc \u0627\u0646\u0641\u062c\u0627\u0631<\/a><br \/>\n<strong><a title=\"Unikonferencje\" href=\"http:\/\/www.unikonferencje.pl\" target=\"_blank\">Unikonferencje.pl <\/a><\/strong>\u00a0&#8211; serwis, na kt\u00f3rym umieszczane s\u0105 informacje o konferencjach naukowych, sympozjach i zjazdach. Na bie\u017c\u0105co aktualizowana baza spotka\u0144 naukowych.<\/p>\n<p><a href=\"https:\/\/mozaika.ug.edu.pl\/wp-content\/uploads\/2013\/05\/logo2013i.jpg\"><img loading=\"lazy\" decoding=\"async\" class=\" wp-image-192 alignleft\" title=\"logo2013i\" src=\"https:\/\/mozaika.ug.edu.pl\/wp-content\/uploads\/2013\/05\/logo2013i-300x150.jpg\" alt=\"\" width=\"210\" height=\"105\" srcset=\"https:\/\/mozaika.ug.edu.pl\/wp-content\/uploads\/2013\/05\/logo2013i-300x150.jpg 300w, https:\/\/mozaika.ug.edu.pl\/wp-content\/uploads\/2013\/05\/logo2013i-1024x512.jpg 1024w, https:\/\/mozaika.ug.edu.pl\/wp-content\/uploads\/2013\/05\/logo2013i-500x250.jpg 500w, https:\/\/mozaika.ug.edu.pl\/wp-content\/uploads\/2013\/05\/logo2013i.jpg 1417w\" sizes=\"auto, (max-width: 210px) 100vw, 210px\" \/><\/a><\/p>\n<p>&nbsp;<\/p>\n<p>Informacja o sympozjum naukowym zamieszczona r\u00f3wnie\u017c zosta\u0142a na portalu <a title=\"Baza konferencji\" href=\"http:\/\/www.bazakonferencji.pl\">Bazakonferencji.pl<\/a><\/p>\n<p>&nbsp;<\/p>\n<p>Bardzo dzi\u0119kujemy wszystkim patronom wydarzenia!<\/p>\n","protected":false},"excerpt":{"rendered":"<p>S\u0142\u00f3w kilka o patronatach, kt\u00f3rymi obj\u0119te zosta\u0142o wydarzenie &#8222;Regionalia &#8211; tradycja kontra rzeczywisto\u015b\u0107 globalna&#8221;. Wydarzenie zosta\u0142o obj\u0119te patronatem przez Komisj\u0119 Senack\u0105 RP oraz: Patronat nad wydarzeniem obj\u0119\u0142o Polskie Towarzystwo Kulturoznawcze, powsta\u0142e w 2002 roku, kt\u00f3rego celem jest projektowanie, prowadzenie i wspieranie bada\u0144 naukowych nad kultur\u0105, popularyzowanie wiedzy o kulturze i \u2026 <a class=\"continue-reading-link\" href=\"https:\/\/mozaika.ug.edu.pl\/?p=182\"> Continue reading<\/a><\/p>\n","protected":false},"author":100,"featured_media":0,"comment_status":"open","ping_status":"open","sticky":false,"template":"","format":"standard","meta":{"footnotes":""},"categories":[1,16],"tags":[],"class_list":["post-182","post","type-post","status-publish","format-standard","hentry","category-bez-kategorii","category-bylo"],"_links":{"self":[{"href":"https:\/\/mozaika.ug.edu.pl\/index.php?rest_route=\/wp\/v2\/posts\/182","targetHints":{"allow":["GET"]}}],"collection":[{"href":"https:\/\/mozaika.ug.edu.pl\/index.php?rest_route=\/wp\/v2\/posts"}],"about":[{"href":"https:\/\/mozaika.ug.edu.pl\/index.php?rest_route=\/wp\/v2\/types\/post"}],"author":[{"embeddable":true,"href":"https:\/\/mozaika.ug.edu.pl\/index.php?rest_route=\/wp\/v2\/users\/100"}],"replies":[{"embeddable":true,"href":"https:\/\/mozaika.ug.edu.pl\/index.php?rest_route=%2Fwp%2Fv2%2Fcomments&post=182"}],"version-history":[{"count":7,"href":"https:\/\/mozaika.ug.edu.pl\/index.php?rest_route=\/wp\/v2\/posts\/182\/revisions"}],"predecessor-version":[{"id":1091,"href":"https:\/\/mozaika.ug.edu.pl\/index.php?rest_route=\/wp\/v2\/posts\/182\/revisions\/1091"}],"wp:attachment":[{"href":"https:\/\/mozaika.ug.edu.pl\/index.php?rest_route=%2Fwp%2Fv2%2Fmedia&parent=182"}],"wp:term":[{"taxonomy":"category","embeddable":true,"href":"https:\/\/mozaika.ug.edu.pl\/index.php?rest_route=%2Fwp%2Fv2%2Fcategories&post=182"},{"taxonomy":"post_tag","embeddable":true,"href":"https:\/\/mozaika.ug.edu.pl\/index.php?rest_route=%2Fwp%2Fv2%2Ftags&post=182"}],"curies":[{"name":"wp","href":"https:\/\/api.w.org\/{rel}","templated":true}]}}