{"id":1594,"date":"2020-12-04T16:45:13","date_gmt":"2020-12-04T16:45:13","guid":{"rendered":"https:\/\/mozaika.ug.edu.pl\/?p=1594"},"modified":"2020-12-09T16:50:50","modified_gmt":"2020-12-09T16:50:50","slug":"mozaika-spotkan-003-rozmowa-z-dr-magdalena-sacha","status":"publish","type":"post","link":"https:\/\/mozaika.ug.edu.pl\/?p=1594","title":{"rendered":"Mozaika Spotka\u0144 #003 \u2013 rozmowa z dr Magdalen\u0105 Sach\u0105"},"content":{"rendered":"<div style=\"text-align: center;\"><iframe loading=\"lazy\" src=\"https:\/\/www.youtube.com\/embed\/DyC5BOlDVds\" width=\"906\" height=\"506,25\" frameborder=\"0\" allowfullscreen=\"allowfullscreen\"><\/iframe><\/div>\n<div style=\"text-align: center;\">\n<p style=\"text-align: justify;\">Cykl\u00a0pt.\u00a0<strong>Mozaika Spotka\u0144<\/strong>\u00a0to wywiady z wyk\u0142adowcami Instytutu Bada\u0144 nad Kultur\u0105, kt\u00f3re dadz\u0105 Wam szans\u0119 troch\u0119 bli\u017cej ich pozna\u0107. Go\u015bciem trzeciego nagrania jest <strong>dr Magdalena Sacha\u00a0<i>\u2013<\/i><\/strong> <span class=\"d2edcug0 hpfvmrgz qv66sw1b c1et5uql rrkovp55 a8c37x1j keod5gw0 nxhoafnm aigsh9s9 d3f4x2em fe6kdd0r mau55g9w c8b282yb iv3no6db jq4qci2q a3bd9o3v knj5qynh oo9gr5id hzawbc8m\" dir=\"auto\">adiunkt w Zak\u0142adzie Kulturoznawstwa UG oraz by\u0142a dyrektorka Muzeum Regionalnego w Krokowej. Zdoby\u0142a medal Komisji Edukacji Narodowej za dzia\u0142alno\u015b\u0107 dydaktyczn\u0105 a tak\u017ce wyr\u00f3\u017cnienie w konkursie Fondation Auschwitz (Bruksela) za prac\u0119 doktorsk\u0105. G\u0142\u00f3wnymi zainteresowaniami Pani Doktor s\u0105 m.in. regionalistyka (np. literatura regionalna Warmii, Mazur, Pomorza, \u015al\u0105ska, wsp\u00f3\u0142czesne zjawiska kulturowe w regionach), muzealnictwo szczeg\u00f3lnie z uwzgl\u0119dnieniem tematyki regionalnej, etnograficznej oraz historycznej, pogranicza kulturowe, dziedzictwo II wojny \u015bwiatowej, czy te\u017c miejsca pami\u0119ci\/niepami\u0119ci jako dziedzictwo historyczne w praktyce kulturowej spo\u0142ecze\u0144stw osiad\u0142ych i nap\u0142ywowych. <\/span><\/p>\n<p style=\"text-align: justify;\">Rozmow\u0119 poprowadzi\u0142a przewodnicz\u0105ca SKN Mozaika Paulina Ko\u015bci\u0144ska.<\/p>\n<\/div>\n","protected":false},"excerpt":{"rendered":"<p>Cykl\u00a0pt.\u00a0Mozaika Spotka\u0144\u00a0to wywiady z wyk\u0142adowcami Instytutu Bada\u0144 nad Kultur\u0105, kt\u00f3re dadz\u0105 Wam szans\u0119 troch\u0119 bli\u017cej ich pozna\u0107. Go\u015bciem trzeciego nagrania jest dr Magdalena Sacha\u00a0\u2013 adiunkt w Zak\u0142adzie Kulturoznawstwa UG oraz by\u0142a dyrektorka Muzeum Regionalnego w Krokowej. Zdoby\u0142a medal Komisji Edukacji Narodowej za dzia\u0142alno\u015b\u0107 dydaktyczn\u0105 a tak\u017ce wyr\u00f3\u017cnienie w konkursie Fondation \u2026 <a class=\"continue-reading-link\" href=\"https:\/\/mozaika.ug.edu.pl\/?p=1594\"> Continue reading<\/a><\/p>\n","protected":false},"author":100,"featured_media":1598,"comment_status":"open","ping_status":"open","sticky":false,"template":"","format":"standard","meta":{"footnotes":""},"categories":[1],"tags":[],"class_list":["post-1594","post","type-post","status-publish","format-standard","has-post-thumbnail","hentry","category-bez-kategorii"],"_links":{"self":[{"href":"https:\/\/mozaika.ug.edu.pl\/index.php?rest_route=\/wp\/v2\/posts\/1594","targetHints":{"allow":["GET"]}}],"collection":[{"href":"https:\/\/mozaika.ug.edu.pl\/index.php?rest_route=\/wp\/v2\/posts"}],"about":[{"href":"https:\/\/mozaika.ug.edu.pl\/index.php?rest_route=\/wp\/v2\/types\/post"}],"author":[{"embeddable":true,"href":"https:\/\/mozaika.ug.edu.pl\/index.php?rest_route=\/wp\/v2\/users\/100"}],"replies":[{"embeddable":true,"href":"https:\/\/mozaika.ug.edu.pl\/index.php?rest_route=%2Fwp%2Fv2%2Fcomments&post=1594"}],"version-history":[{"count":1,"href":"https:\/\/mozaika.ug.edu.pl\/index.php?rest_route=\/wp\/v2\/posts\/1594\/revisions"}],"predecessor-version":[{"id":1596,"href":"https:\/\/mozaika.ug.edu.pl\/index.php?rest_route=\/wp\/v2\/posts\/1594\/revisions\/1596"}],"wp:featuredmedia":[{"embeddable":true,"href":"https:\/\/mozaika.ug.edu.pl\/index.php?rest_route=\/wp\/v2\/media\/1598"}],"wp:attachment":[{"href":"https:\/\/mozaika.ug.edu.pl\/index.php?rest_route=%2Fwp%2Fv2%2Fmedia&parent=1594"}],"wp:term":[{"taxonomy":"category","embeddable":true,"href":"https:\/\/mozaika.ug.edu.pl\/index.php?rest_route=%2Fwp%2Fv2%2Fcategories&post=1594"},{"taxonomy":"post_tag","embeddable":true,"href":"https:\/\/mozaika.ug.edu.pl\/index.php?rest_route=%2Fwp%2Fv2%2Ftags&post=1594"}],"curies":[{"name":"wp","href":"https:\/\/api.w.org\/{rel}","templated":true}]}}