{"id":1586,"date":"2020-11-06T07:22:45","date_gmt":"2020-11-06T07:22:45","guid":{"rendered":"https:\/\/mozaika.ug.edu.pl\/?p=1586"},"modified":"2020-12-09T16:50:30","modified_gmt":"2020-12-09T16:50:30","slug":"mozaika-spotkan-001-rozmowa-z-dr-marta-tyminska","status":"publish","type":"post","link":"https:\/\/mozaika.ug.edu.pl\/?p=1586","title":{"rendered":"Mozaika Spotka\u0144 #001 \u2013 rozmowa z dr Mart\u0105 Tymi\u0144sk\u0105"},"content":{"rendered":"<div style=\"text-align: center;\"><iframe loading=\"lazy\" src=\"https:\/\/www.youtube.com\/embed\/9r_CWXHpLpM\" width=\"906\" height=\"506,25\" frameborder=\"0\" allowfullscreen=\"allowfullscreen\"><\/iframe><\/div>\n<p>&nbsp;<\/p>\n<p style=\"text-align: justify;\">Czas pandemii jest dla nas wszystkich wyj\u0105tkowo uci\u0105\u017cliwy. Odebra\u0142 nam mo\u017cliwo\u015b\u0107 spotka\u0144 oraz swobodnych rozm\u00f3w na korytarzach uczelni. Wydaje nam si\u0119, \u017ce to szczeg\u00f3lnie trudny moment dla os\u00f3b, kt\u00f3re dopiero rozpoczynaj\u0105 swoj\u0105 przygod\u0119 z Uniwersytetem Gda\u0144skim.\u00a0Z wyk\u0142adowcami mog\u0105 kontaktowa\u0107 si\u0119 jedynie w formie cyfrowej, zazwyczaj rozmawiaj\u0105c wy\u0142\u0105cznie na tematy dotycz\u0105ce zaj\u0119\u0107, zalicze\u0144 czy innych spraw organizacyjnych. Ci\u0119\u017cko o swobodn\u0105 dyskusj\u0119 nawet w ramach wyk\u0142ad\u00f3w czy \u0107wicze\u0144 \u2013 wyciszone mikrofony, kt\u00f3re trzeba uruchomi\u0107 w odpowiednim momencie, nie sprzyjaj\u0105 spontanicznemu rzucaniu uwag czy dzieleniu si\u0119 refleksjami. Jako cz\u0142onkowie Ko\u0142a jeste\u015bmy przekonani, \u017ce to w\u0142a\u015bnie kontakty w murach UG, czasem przypadkowe, pozwala\u0142y nam stworzy\u0107 pewn\u0105 spo\u0142eczno\u015b\u0107 akademick\u0105 \u2013 poznawa\u0107 si\u0119, wymienia\u0107 pogl\u0105dami, dzieli\u0107 si\u0119 spostrze\u017ceniami. Proponujemy wi\u0119c substytut \u2013 seri\u0119 rozm\u00f3w, kt\u00f3re pozwol\u0105 Wam spojrze\u0107 na wyk\u0142adowc\u00f3w z innej strony. Co ich pasjonuje, jakie teksty kultury polecaj\u0105 w czasie pandemii, czym zajmuj\u0105 si\u0119 poza dzia\u0142alno\u015bci\u0105 akademick\u0105.<\/p>\n<p>Cykl\u00a0pt.\u00a0<strong>Mozaika Spotka\u0144<\/strong>\u00a0to wywiady z wyk\u0142adowcami Instytutu Bada\u0144 nad Kultur\u0105, kt\u00f3re dadz\u0105 Wam szans\u0119 troch\u0119 bli\u017cej ich pozna\u0107. Go\u015bciem pierwszego nagrania jest\u00a0<strong>dr Marta Tymi\u0144ska<\/strong>\u00a0&#8211; jedna z cz\u0142onki\u0144 za\u0142o\u017cycielek Studenckiego Ko\u0142a Naukowego Mozaika, z\u00a0wykszta\u0142cenia psycholo\u017cka i kulturoznawczyni. W swojej pracy naukowej skupia si\u0119 przede wszystkim na grach cyfrowych i ich kulturotw\u00f3rczej roli. Rozprawa doktorska po\u015bwi\u0119cona by\u0142a studiom nad awatarami, bada r\u00f3wnie\u017c opowie\u015bci transmedialne, gry niezale\u017cne oraz relacje pomi\u0119dzy graczem, awatarem a emergentn\u0105 narracj\u0105 gier. Napisa\u0142a kilka tekst\u00f3w po\u015bwi\u0119conych kulturom fanowskim, jak r\u00f3wnie\u017c ch\u0119tnie si\u0119ga po tematyk\u0119 mangi i anime. Organizatorka wydarze\u0144 po\u015bwi\u0119conych popkulturze (Pasja Minicon w Gdyni), animatorka kultury lokalnej, cz\u0142onkini Stowarzyszenia Arteria oraz aktywistka r\u00f3wno\u015bciowa. W kinie ceni sobie przede wszystkim animacje w ka\u017cdej formie. Edukatorka filmowa dzieci i m\u0142odzie\u017cy (a niekiedy os\u00f3b w wieku senioralnym) od 2009 roku. Wsp\u00f3\u0142pracuje z Nowymi Horyzontami Edukacji Filmowej oraz Akademi\u0105 Filmow\u0105 Multikina. Niedawno bra\u0142a udzia\u0142 w &#8222;Spacj\u0105 si\u0119 skacze&#8221;, gdzie opowiada\u0142a o spo\u0142ecznym wp\u0142ywie gier. Prywatnie, wielbicielka papug, podr\u00f3\u017cy, powie\u015bci (SF, fantasy, YA) oraz kuchni ro\u015blinnej.<\/p>\n<p>Rozmow\u0119 poprowadzi\u0142a cz\u0142onkini SKN Mozaika Paulina Ko\u015bci\u0144ska.<\/p>\n","protected":false},"excerpt":{"rendered":"<p>&nbsp; Czas pandemii jest dla nas wszystkich wyj\u0105tkowo uci\u0105\u017cliwy. Odebra\u0142 nam mo\u017cliwo\u015b\u0107 spotka\u0144 oraz swobodnych rozm\u00f3w na korytarzach uczelni. Wydaje nam si\u0119, \u017ce to szczeg\u00f3lnie trudny moment dla os\u00f3b, kt\u00f3re dopiero rozpoczynaj\u0105 swoj\u0105 przygod\u0119 z Uniwersytetem Gda\u0144skim.\u00a0Z wyk\u0142adowcami mog\u0105 kontaktowa\u0107 si\u0119 jedynie w formie cyfrowej, zazwyczaj rozmawiaj\u0105c wy\u0142\u0105cznie na tematy \u2026 <a class=\"continue-reading-link\" href=\"https:\/\/mozaika.ug.edu.pl\/?p=1586\"> Continue reading<\/a><\/p>\n","protected":false},"author":100,"featured_media":1600,"comment_status":"open","ping_status":"open","sticky":false,"template":"","format":"standard","meta":{"footnotes":""},"categories":[1],"tags":[],"class_list":["post-1586","post","type-post","status-publish","format-standard","has-post-thumbnail","hentry","category-bez-kategorii"],"_links":{"self":[{"href":"https:\/\/mozaika.ug.edu.pl\/index.php?rest_route=\/wp\/v2\/posts\/1586","targetHints":{"allow":["GET"]}}],"collection":[{"href":"https:\/\/mozaika.ug.edu.pl\/index.php?rest_route=\/wp\/v2\/posts"}],"about":[{"href":"https:\/\/mozaika.ug.edu.pl\/index.php?rest_route=\/wp\/v2\/types\/post"}],"author":[{"embeddable":true,"href":"https:\/\/mozaika.ug.edu.pl\/index.php?rest_route=\/wp\/v2\/users\/100"}],"replies":[{"embeddable":true,"href":"https:\/\/mozaika.ug.edu.pl\/index.php?rest_route=%2Fwp%2Fv2%2Fcomments&post=1586"}],"version-history":[{"count":2,"href":"https:\/\/mozaika.ug.edu.pl\/index.php?rest_route=\/wp\/v2\/posts\/1586\/revisions"}],"predecessor-version":[{"id":1588,"href":"https:\/\/mozaika.ug.edu.pl\/index.php?rest_route=\/wp\/v2\/posts\/1586\/revisions\/1588"}],"wp:featuredmedia":[{"embeddable":true,"href":"https:\/\/mozaika.ug.edu.pl\/index.php?rest_route=\/wp\/v2\/media\/1600"}],"wp:attachment":[{"href":"https:\/\/mozaika.ug.edu.pl\/index.php?rest_route=%2Fwp%2Fv2%2Fmedia&parent=1586"}],"wp:term":[{"taxonomy":"category","embeddable":true,"href":"https:\/\/mozaika.ug.edu.pl\/index.php?rest_route=%2Fwp%2Fv2%2Fcategories&post=1586"},{"taxonomy":"post_tag","embeddable":true,"href":"https:\/\/mozaika.ug.edu.pl\/index.php?rest_route=%2Fwp%2Fv2%2Ftags&post=1586"}],"curies":[{"name":"wp","href":"https:\/\/api.w.org\/{rel}","templated":true}]}}