{"id":1560,"date":"2020-02-20T17:51:28","date_gmt":"2020-02-20T17:51:28","guid":{"rendered":"https:\/\/mozaika.ug.edu.pl\/?p=1560"},"modified":"2020-08-19T17:56:33","modified_gmt":"2020-08-19T17:56:33","slug":"dzien-antropologii-2020","status":"publish","type":"post","link":"https:\/\/mozaika.ug.edu.pl\/?p=1560","title":{"rendered":"Dzie\u0144 Antropologii 2020"},"content":{"rendered":"<p>Jako antropologiczne ko\u0142o naukowe z rado\u015bci\u0105 obchodzimy \u015awiatowy Dzie\u0144 Antropologii. Przypominamy, \u017ce zosta\u0142 on ustanowiony przez <em>American Anthropological Association<\/em> i obchodzony jest w ka\u017cdy trzeci czwartek lutego. Ponownie postanowili\u015bmy w\u0142\u0105czy\u0107 si\u0119 w obchody i zorganizowa\u0107 kilka atrakcji dla student\u00f3w oraz wyk\u0142adowc\u00f3w naszego Wydzia\u0142u. Celem wydarzenia by\u0142a pr\u00f3ba zainteresowania bior\u0105cych udzia\u0142 os\u00f3b r\u00f3\u017cnymi kulturami poprzez ciekawostki, smaki i zapachy.<\/p>\n<p>Na korytarzu przygotowali\u015bmy st\u00f3\u0142 z \u0142akociami. \u017beby otrzyma\u0107 przepyszn\u0105 babeczk\u0119 przygotowan\u0105 przez opiekunk\u0119 naszego Ko\u0142a, dr Aleksandr\u0119 Wieruck\u0105, trzeba by\u0142o wykaza\u0107 si\u0119 wiedz\u0105 w jednej z dw\u00f3ch dziedzin. Uczestnicy wydarzenia mieli za zadanie po zapachu lub smaku rozpozna\u0107 wy\u0142o\u017cone przez nas przyprawy, a nast\u0119pnie przyporz\u0105dkowa\u0107 do nich nazw\u0119 oraz kraj ich pochodzenia. Drugim wyzwaniem, kt\u00f3rego rozwi\u0105zanie stanowi\u0142o przepustk\u0119 dla mi\u0142o\u015bnik\u00f3w s\u0142odko\u015bci, by\u0142 quiz antropologiczny dotycz\u0105cy wiedzy o kulturach \u015bwiata. Studenci oraz wyk\u0142adowcy radzili sobie znakomicie. Wyci\u0105gamy wi\u0119c w tym miejscu dwa wnioski &#8211; osoby z naszego Wydzia\u0142u s\u0105 niebywale obyte w \u015bwiecie oraz uwielbiaj\u0105 wypieki (bo najwidoczniej by\u0142y ogromn\u0105 motywacj\u0105, by przez wszystkie wyzwania przej\u015b\u0107 \u015bpiewaj\u0105co). Mamy nadziej\u0119, \u017ce dobra zabawa i glukoza u\u0142atwi\u0142y przyswojenie nowej wiedzy zwi\u0105zanej z antropologi\u0105!<\/p>\n\n\t\t<style type=\"text\/css\">\n\t\t\t#gallery-1 {\n\t\t\t\tmargin: auto;\n\t\t\t}\n\t\t\t#gallery-1 .gallery-item {\n\t\t\t\tfloat: left;\n\t\t\t\tmargin-top: 10px;\n\t\t\t\ttext-align: center;\n\t\t\t\twidth: 33%;\n\t\t\t}\n\t\t\t#gallery-1 img {\n\t\t\t\tborder: 2px solid #cfcfcf;\n\t\t\t}\n\t\t\t#gallery-1 .gallery-caption {\n\t\t\t\tmargin-left: 0;\n\t\t\t}\n\t\t\t\/* see gallery_shortcode() in wp-includes\/media.php *\/\n\t\t<\/style>\n\t\t<div id='gallery-1' class='gallery galleryid-1560 gallery-columns-3 gallery-size-thumbnail'><dl class='gallery-item'>\n\t\t\t<dt class='gallery-icon landscape'>\n\t\t\t\t<a href='https:\/\/mozaika.ug.edu.pl\/wp-content\/uploads\/2020\/08\/4.jpg'><img loading=\"lazy\" decoding=\"async\" width=\"150\" height=\"150\" src=\"https:\/\/mozaika.ug.edu.pl\/wp-content\/uploads\/2020\/08\/4-150x150.jpg\" class=\"attachment-thumbnail size-thumbnail\" alt=\"\" srcset=\"https:\/\/mozaika.ug.edu.pl\/wp-content\/uploads\/2020\/08\/4-150x150.jpg 150w, https:\/\/mozaika.ug.edu.pl\/wp-content\/uploads\/2020\/08\/4-300x300.jpg 300w, https:\/\/mozaika.ug.edu.pl\/wp-content\/uploads\/2020\/08\/4-768x768.jpg 768w, https:\/\/mozaika.ug.edu.pl\/wp-content\/uploads\/2020\/08\/4.jpg 772w\" sizes=\"auto, (max-width: 150px) 100vw, 150px\" \/><\/a>\n\t\t\t<\/dt><\/dl><dl class='gallery-item'>\n\t\t\t<dt class='gallery-icon portrait'>\n\t\t\t\t<a href='https:\/\/mozaika.ug.edu.pl\/wp-content\/uploads\/2020\/08\/3.jpg'><img loading=\"lazy\" decoding=\"async\" width=\"150\" height=\"150\" src=\"https:\/\/mozaika.ug.edu.pl\/wp-content\/uploads\/2020\/08\/3-150x150.jpg\" class=\"attachment-thumbnail size-thumbnail\" alt=\"\" srcset=\"https:\/\/mozaika.ug.edu.pl\/wp-content\/uploads\/2020\/08\/3-150x150.jpg 150w, https:\/\/mozaika.ug.edu.pl\/wp-content\/uploads\/2020\/08\/3-298x300.jpg 298w, https:\/\/mozaika.ug.edu.pl\/wp-content\/uploads\/2020\/08\/3.jpg 768w, https:\/\/mozaika.ug.edu.pl\/wp-content\/uploads\/2020\/08\/3-149x150.jpg 149w\" sizes=\"auto, (max-width: 150px) 100vw, 150px\" \/><\/a>\n\t\t\t<\/dt><\/dl><dl class='gallery-item'>\n\t\t\t<dt class='gallery-icon portrait'>\n\t\t\t\t<a href='https:\/\/mozaika.ug.edu.pl\/wp-content\/uploads\/2020\/08\/1.jpg'><img loading=\"lazy\" decoding=\"async\" width=\"150\" height=\"150\" src=\"https:\/\/mozaika.ug.edu.pl\/wp-content\/uploads\/2020\/08\/1-150x150.jpg\" class=\"attachment-thumbnail size-thumbnail\" alt=\"\" srcset=\"https:\/\/mozaika.ug.edu.pl\/wp-content\/uploads\/2020\/08\/1-150x150.jpg 150w, https:\/\/mozaika.ug.edu.pl\/wp-content\/uploads\/2020\/08\/1-298x300.jpg 298w, https:\/\/mozaika.ug.edu.pl\/wp-content\/uploads\/2020\/08\/1.jpg 768w, https:\/\/mozaika.ug.edu.pl\/wp-content\/uploads\/2020\/08\/1-149x150.jpg 149w\" sizes=\"auto, (max-width: 150px) 100vw, 150px\" \/><\/a>\n\t\t\t<\/dt><\/dl><br style=\"clear: both\" \/>\n\t\t<\/div>\n\n<p>&nbsp;<\/p>\n","protected":false},"excerpt":{"rendered":"<p>Jako antropologiczne ko\u0142o naukowe z rado\u015bci\u0105 obchodzimy \u015awiatowy Dzie\u0144 Antropologii. Przypominamy, \u017ce zosta\u0142 on ustanowiony przez American Anthropological Association i obchodzony jest w ka\u017cdy trzeci czwartek lutego. Ponownie postanowili\u015bmy w\u0142\u0105czy\u0107 si\u0119 w obchody i zorganizowa\u0107 kilka atrakcji dla student\u00f3w oraz wyk\u0142adowc\u00f3w naszego Wydzia\u0142u. Celem wydarzenia by\u0142a pr\u00f3ba zainteresowania bior\u0105cych udzia\u0142 \u2026 <a class=\"continue-reading-link\" href=\"https:\/\/mozaika.ug.edu.pl\/?p=1560\"> Continue reading<\/a><\/p>\n","protected":false},"author":100,"featured_media":1566,"comment_status":"open","ping_status":"open","sticky":false,"template":"","format":"standard","meta":{"footnotes":""},"categories":[1],"tags":[],"class_list":["post-1560","post","type-post","status-publish","format-standard","has-post-thumbnail","hentry","category-bez-kategorii"],"_links":{"self":[{"href":"https:\/\/mozaika.ug.edu.pl\/index.php?rest_route=\/wp\/v2\/posts\/1560","targetHints":{"allow":["GET"]}}],"collection":[{"href":"https:\/\/mozaika.ug.edu.pl\/index.php?rest_route=\/wp\/v2\/posts"}],"about":[{"href":"https:\/\/mozaika.ug.edu.pl\/index.php?rest_route=\/wp\/v2\/types\/post"}],"author":[{"embeddable":true,"href":"https:\/\/mozaika.ug.edu.pl\/index.php?rest_route=\/wp\/v2\/users\/100"}],"replies":[{"embeddable":true,"href":"https:\/\/mozaika.ug.edu.pl\/index.php?rest_route=%2Fwp%2Fv2%2Fcomments&post=1560"}],"version-history":[{"count":2,"href":"https:\/\/mozaika.ug.edu.pl\/index.php?rest_route=\/wp\/v2\/posts\/1560\/revisions"}],"predecessor-version":[{"id":1567,"href":"https:\/\/mozaika.ug.edu.pl\/index.php?rest_route=\/wp\/v2\/posts\/1560\/revisions\/1567"}],"wp:featuredmedia":[{"embeddable":true,"href":"https:\/\/mozaika.ug.edu.pl\/index.php?rest_route=\/wp\/v2\/media\/1566"}],"wp:attachment":[{"href":"https:\/\/mozaika.ug.edu.pl\/index.php?rest_route=%2Fwp%2Fv2%2Fmedia&parent=1560"}],"wp:term":[{"taxonomy":"category","embeddable":true,"href":"https:\/\/mozaika.ug.edu.pl\/index.php?rest_route=%2Fwp%2Fv2%2Fcategories&post=1560"},{"taxonomy":"post_tag","embeddable":true,"href":"https:\/\/mozaika.ug.edu.pl\/index.php?rest_route=%2Fwp%2Fv2%2Ftags&post=1560"}],"curies":[{"name":"wp","href":"https:\/\/api.w.org\/{rel}","templated":true}]}}