{"id":1312,"date":"2017-12-13T13:45:30","date_gmt":"2017-12-13T13:45:30","guid":{"rendered":"https:\/\/mozaika.ug.edu.pl\/?p=1312"},"modified":"2018-05-16T17:49:57","modified_gmt":"2018-05-16T17:49:57","slug":"zapraszamy-na-xi-wigilie-kulturoznawcow","status":"publish","type":"post","link":"https:\/\/mozaika.ug.edu.pl\/?p=1312","title":{"rendered":"Zapraszamy na XI wigili\u0119 kulturoznawc\u00f3w"},"content":{"rendered":"<p>Pozostajemy w klimatach nordyckich &#8211; w zesz\u0142ym roku poznawali\u015bmy zwyczaje Norwegii, w tym udamy si\u0119 na dalek\u0105 Islandi\u0119.\u00a0 \ud83d\ude42<\/p>\n<p>Szczeg\u00f3\u0142y ju\u017c wkr\u00f3tce<\/p>\n<p>&nbsp;<\/p>\n<p>&nbsp;<\/p>\n<p>&nbsp;<\/p>\n<p><img loading=\"lazy\" decoding=\"async\" class=\"alignnone size-large wp-image-1313\" src=\"https:\/\/mozaika.ug.edu.pl\/wp-content\/uploads\/2017\/12\/wigilia2017-plakat-w\u0142a\u015bciwy-768x1024.jpg\" alt=\"\" width=\"768\" height=\"1024\" srcset=\"https:\/\/mozaika.ug.edu.pl\/wp-content\/uploads\/2017\/12\/wigilia2017-plakat-w\u0142a\u015bciwy-768x1024.jpg 768w, https:\/\/mozaika.ug.edu.pl\/wp-content\/uploads\/2017\/12\/wigilia2017-plakat-w\u0142a\u015bciwy-225x300.jpg 225w, https:\/\/mozaika.ug.edu.pl\/wp-content\/uploads\/2017\/12\/wigilia2017-plakat-w\u0142a\u015bciwy-113x150.jpg 113w, https:\/\/mozaika.ug.edu.pl\/wp-content\/uploads\/2017\/12\/wigilia2017-plakat-w\u0142a\u015bciwy.jpg 1008w\" sizes=\"auto, (max-width: 768px) 100vw, 768px\" \/><\/p>\n","protected":false},"excerpt":{"rendered":"<p>Pozostajemy w klimatach nordyckich &#8211; w zesz\u0142ym roku poznawali\u015bmy zwyczaje Norwegii, w tym udamy si\u0119 na dalek\u0105 Islandi\u0119.\u00a0 \ud83d\ude42 Szczeg\u00f3\u0142y ju\u017c wkr\u00f3tce &nbsp; &nbsp; &nbsp; <a class=\"continue-reading-link\" href=\"https:\/\/mozaika.ug.edu.pl\/?p=1312\"> Continue reading<\/a><\/p>\n","protected":false},"author":100,"featured_media":1313,"comment_status":"open","ping_status":"open","sticky":false,"template":"","format":"standard","meta":{"footnotes":""},"categories":[1,20],"tags":[],"class_list":["post-1312","post","type-post","status-publish","format-standard","has-post-thumbnail","hentry","category-bez-kategorii","category-wigilie-kulturoznawcow"],"_links":{"self":[{"href":"https:\/\/mozaika.ug.edu.pl\/index.php?rest_route=\/wp\/v2\/posts\/1312","targetHints":{"allow":["GET"]}}],"collection":[{"href":"https:\/\/mozaika.ug.edu.pl\/index.php?rest_route=\/wp\/v2\/posts"}],"about":[{"href":"https:\/\/mozaika.ug.edu.pl\/index.php?rest_route=\/wp\/v2\/types\/post"}],"author":[{"embeddable":true,"href":"https:\/\/mozaika.ug.edu.pl\/index.php?rest_route=\/wp\/v2\/users\/100"}],"replies":[{"embeddable":true,"href":"https:\/\/mozaika.ug.edu.pl\/index.php?rest_route=%2Fwp%2Fv2%2Fcomments&post=1312"}],"version-history":[{"count":1,"href":"https:\/\/mozaika.ug.edu.pl\/index.php?rest_route=\/wp\/v2\/posts\/1312\/revisions"}],"predecessor-version":[{"id":1314,"href":"https:\/\/mozaika.ug.edu.pl\/index.php?rest_route=\/wp\/v2\/posts\/1312\/revisions\/1314"}],"wp:featuredmedia":[{"embeddable":true,"href":"https:\/\/mozaika.ug.edu.pl\/index.php?rest_route=\/wp\/v2\/media\/1313"}],"wp:attachment":[{"href":"https:\/\/mozaika.ug.edu.pl\/index.php?rest_route=%2Fwp%2Fv2%2Fmedia&parent=1312"}],"wp:term":[{"taxonomy":"category","embeddable":true,"href":"https:\/\/mozaika.ug.edu.pl\/index.php?rest_route=%2Fwp%2Fv2%2Fcategories&post=1312"},{"taxonomy":"post_tag","embeddable":true,"href":"https:\/\/mozaika.ug.edu.pl\/index.php?rest_route=%2Fwp%2Fv2%2Ftags&post=1312"}],"curies":[{"name":"wp","href":"https:\/\/api.w.org\/{rel}","templated":true}]}}